{"id":174,"date":"2026-09-01T18:40:41","date_gmt":"2026-09-01T18:40:41","guid":{"rendered":"https:\/\/www.ipemadeiras.com.br\/blog\/?p=174"},"modified":"2026-09-01T18:40:42","modified_gmt":"2026-09-01T18:40:42","slug":"tipos-de-forro-de-madeira-para-teto-como-escolher-certo","status":"publish","type":"post","link":"https:\/\/www.ipemadeiras.com.br\/blog\/uncategorized\/tipos-de-forro-de-madeira-para-teto-como-escolher-certo\/","title":{"rendered":"Tipos de forro de madeira para teto: como escolher certo"},"content":{"rendered":"<span class=\"span-reading-time rt-reading-time\" style=\"display: block;\"><span class=\"rt-label rt-prefix\">Tempo de leitura: <\/span> <span class=\"rt-time\"> 4<\/span> <span class=\"rt-label rt-postfix\">minutos<\/span><\/span>\n<p class=\"has-medium-font-size\"><strong><em>Descubra os tipos de forro de madeira para teto, as esp\u00e9cies mais est\u00e1veis e como escolher o modelo certo para o seu pr\u00f3ximo projeto<\/em><\/strong><em><strong>.<\/strong><\/em><\/p>\n\n\n\n<p>Escolher entre os diferentes tipos de forro de madeira para teto vai muito al\u00e9m da est\u00e9tica. Cada modelo responde de um jeito ao clima, \u00e0 umidade e ao uso do ambiente.<\/p>\n\n\n\n<p>Para arquitetos, marceneiros e construtoras, essa decis\u00e3o envolve t\u00e9cnica, durabilidade e conformidade ambiental. Um forro mal especificado pode empenar, rachar ou perder o encaixe em poucos anos.<\/p>\n\n\n\n<p>Neste conte\u00fado voc\u00ea vai entender as principais categorias de forro, as esp\u00e9cies mais indicadas e os cuidados t\u00e9cnicos que fazem a diferen\u00e7a entre um projeto duradouro e um retrabalho caro.<\/p>\n\n\n\n<div id=\"ez-toc-container\" class=\"ez-toc-v2_0_75 counter-hierarchy ez-toc-counter ez-toc-grey ez-toc-container-direction\">\n<div class=\"ez-toc-title-container\">\n<p class=\"ez-toc-title\" style=\"cursor:inherit\">O que abordaremos neste artigo:<\/p>\n<span class=\"ez-toc-title-toggle\"><a href=\"#\" class=\"ez-toc-pull-right ez-toc-btn ez-toc-btn-xs ez-toc-btn-default ez-toc-toggle\" aria-label=\"Alternar tabela de conte\u00fado\"><span class=\"ez-toc-js-icon-con\"><span class=\"\"><span class=\"eztoc-hide\" style=\"display:none;\">Toggle<\/span><span class=\"ez-toc-icon-toggle-span\"><svg style=\"fill: #999;color:#999\" xmlns=\"http:\/\/www.w3.org\/2000\/svg\" class=\"list-377408\" width=\"20px\" height=\"20px\" viewBox=\"0 0 24 24\" fill=\"none\"><path d=\"M6 6H4v2h2V6zm14 0H8v2h12V6zM4 11h2v2H4v-2zm16 0H8v2h12v-2zM4 16h2v2H4v-2zm16 0H8v2h12v-2z\" fill=\"currentColor\"><\/path><\/svg><svg style=\"fill: #999;color:#999\" class=\"arrow-unsorted-368013\" xmlns=\"http:\/\/www.w3.org\/2000\/svg\" width=\"10px\" height=\"10px\" viewBox=\"0 0 24 24\" version=\"1.2\" baseProfile=\"tiny\"><path d=\"M18.2 9.3l-6.2-6.3-6.2 6.3c-.2.2-.3.4-.3.7s.1.5.3.7c.2.2.4.3.7.3h11c.3 0 .5-.1.7-.3.2-.2.3-.5.3-.7s-.1-.5-.3-.7zM5.8 14.7l6.2 6.3 6.2-6.3c.2-.2.3-.5.3-.7s-.1-.5-.3-.7c-.2-.2-.4-.3-.7-.3h-11c-.3 0-.5.1-.7.3-.2.2-.3.5-.3.7s.1.5.3.7z\"\/><\/svg><\/span><\/span><\/span><\/a><\/span><\/div>\n<nav><ul class='ez-toc-list ez-toc-list-level-1 ' ><li class='ez-toc-page-1 ez-toc-heading-level-2'><a class=\"ez-toc-link ez-toc-heading-1\" href=\"https:\/\/www.ipemadeiras.com.br\/blog\/uncategorized\/tipos-de-forro-de-madeira-para-teto-como-escolher-certo\/#Por_que_a_escolha_do_forro_de_madeira_para_teto_exige_atencao_tecnica\" >Por que a escolha do forro de madeira para teto exige aten\u00e7\u00e3o t\u00e9cnica<\/a><\/li><li class='ez-toc-page-1 ez-toc-heading-level-2'><a class=\"ez-toc-link ez-toc-heading-2\" href=\"https:\/\/www.ipemadeiras.com.br\/blog\/uncategorized\/tipos-de-forro-de-madeira-para-teto-como-escolher-certo\/#Quais_sao_os_principais_tipos_de_forro_de_madeira_para_teto\" >Quais s\u00e3o os principais tipos de forro de madeira para teto<\/a><ul class='ez-toc-list-level-3' ><li class='ez-toc-heading-level-3'><a class=\"ez-toc-link ez-toc-heading-3\" href=\"https:\/\/www.ipemadeiras.com.br\/blog\/uncategorized\/tipos-de-forro-de-madeira-para-teto-como-escolher-certo\/#Forro_em_reguas_macicas\" >Forro em r\u00e9guas maci\u00e7as<\/a><\/li><li class='ez-toc-page-1 ez-toc-heading-level-3'><a class=\"ez-toc-link ez-toc-heading-4\" href=\"https:\/\/www.ipemadeiras.com.br\/blog\/uncategorized\/tipos-de-forro-de-madeira-para-teto-como-escolher-certo\/#Lambris_com_encaixe_macho_e_femea\" >Lambris com encaixe macho e f\u00eamea<\/a><\/li><li class='ez-toc-page-1 ez-toc-heading-level-3'><a class=\"ez-toc-link ez-toc-heading-5\" href=\"https:\/\/www.ipemadeiras.com.br\/blog\/uncategorized\/tipos-de-forro-de-madeira-para-teto-como-escolher-certo\/#Paineis_em_chapas_de_madeira\" >Pain\u00e9is em chapas de madeira<\/a><\/li><\/ul><\/li><li class='ez-toc-page-1 ez-toc-heading-level-2'><a class=\"ez-toc-link ez-toc-heading-6\" href=\"https:\/\/www.ipemadeiras.com.br\/blog\/uncategorized\/tipos-de-forro-de-madeira-para-teto-como-escolher-certo\/#Forro_macico_ou_lambri_qual_tipo_de_forro_de_madeira_para_teto_escolher\" >Forro maci\u00e7o ou lambri: qual tipo de forro de madeira para teto escolher<\/a><\/li><li class='ez-toc-page-1 ez-toc-heading-level-2'><a class=\"ez-toc-link ez-toc-heading-7\" href=\"https:\/\/www.ipemadeiras.com.br\/blog\/uncategorized\/tipos-de-forro-de-madeira-para-teto-como-escolher-certo\/#Cuidados_tecnicos_ao_instalar_qualquer_tipo_de_forro_de_madeira\" >Cuidados t\u00e9cnicos ao instalar qualquer tipo de forro de madeira<\/a><\/li><li class='ez-toc-page-1 ez-toc-heading-level-2'><a class=\"ez-toc-link ez-toc-heading-8\" href=\"https:\/\/www.ipemadeiras.com.br\/blog\/uncategorized\/tipos-de-forro-de-madeira-para-teto-como-escolher-certo\/#Beneficios_que_justificam_investir_em_forro_de_madeira\" >Benef\u00edcios que justificam investir em forro de madeira<\/a><\/li><li class='ez-toc-page-1 ez-toc-heading-level-2'><a class=\"ez-toc-link ez-toc-heading-9\" href=\"https:\/\/www.ipemadeiras.com.br\/blog\/uncategorized\/tipos-de-forro-de-madeira-para-teto-como-escolher-certo\/#Perguntas_frequentes_sobre_tipos_de_forro_de_madeira_para_teto\" >Perguntas frequentes sobre tipos de forro de madeira para teto<\/a><\/li><li class='ez-toc-page-1 ez-toc-heading-level-2'><a class=\"ez-toc-link ez-toc-heading-10\" href=\"https:\/\/www.ipemadeiras.com.br\/blog\/uncategorized\/tipos-de-forro-de-madeira-para-teto-como-escolher-certo\/#Encontre_o_forro_de_madeira_para_teto_ideal_para_o_seu_projeto\" >Encontre o forro de madeira para teto ideal para o seu projeto<\/a><\/li><\/ul><\/nav><\/div>\n<h2 class=\"wp-block-heading\"><span class=\"ez-toc-section\" id=\"Por_que_a_escolha_do_forro_de_madeira_para_teto_exige_atencao_tecnica\"><\/span><strong>Por que a escolha do forro de madeira para teto exige aten\u00e7\u00e3o t\u00e9cnica<\/strong><span class=\"ez-toc-section-end\"><\/span><\/h2>\n\n\n\n<p>O desempenho de um forro est\u00e1 diretamente ligado \u00e0 proced\u00eancia da madeira, \u00e0 densidade e ao m\u00e9todo de fixa\u00e7\u00e3o escolhido. Isso vale para qualquer um dos tipos dispon\u00edveis no mercado.<\/p>\n\n\n\n<p>Esp\u00e9cies mais est\u00e1veis, como <strong>cedrinho, tauari e cumaru<\/strong>, apresentam menor dilata\u00e7\u00e3o e boa fixa\u00e7\u00e3o. Isso garante estabilidade dimensional mesmo em regi\u00f5es com varia\u00e7\u00e3o t\u00e9rmica acentuada.<\/p>\n\n\n\n<p>A defini\u00e7\u00e3o do sistema de fixa\u00e7\u00e3o, com ou sem encaixe aparente, tamb\u00e9m impacta diretamente na efici\u00eancia da instala\u00e7\u00e3o e na facilidade de manuten\u00e7\u00e3o futura do teto.<\/p>\n\n\n\n<p>Por isso, antes de fechar a especifica\u00e7\u00e3o, vale considerar tr\u00eas fatores centrais:<\/p>\n\n\n\n<ul class=\"wp-block-list\">\n<li><strong>Esp\u00e9cie e densidade<\/strong>: definem a resist\u00eancia e a dilata\u00e7\u00e3o natural da pe\u00e7a;<\/li>\n\n\n\n<li><strong>Sistema de fixa\u00e7\u00e3o<\/strong>: influencia o acabamento visual e a manuten\u00e7\u00e3o;<\/li>\n\n\n\n<li><strong>Ambiente de instala\u00e7\u00e3o<\/strong>: \u00e1rea seca ou semiaberta, o que muda o tratamento necess\u00e1rio.<\/li>\n<\/ul>\n\n\n\n<h2 class=\"wp-block-heading\"><span class=\"ez-toc-section\" id=\"Quais_sao_os_principais_tipos_de_forro_de_madeira_para_teto\"><\/span><strong>Quais s\u00e3o os principais tipos de forro de madeira para teto<\/strong><span class=\"ez-toc-section-end\"><\/span><\/h2>\n\n\n\n<p>O mercado oferece algumas fam\u00edlias de produto que atendem finalidades bem distintas. Conhecer cada uma ajuda a evitar retrabalho na especifica\u00e7\u00e3o do projeto.<\/p>\n\n\n\n<h3 class=\"wp-block-heading\"><span class=\"ez-toc-section\" id=\"Forro_em_reguas_macicas\"><\/span><strong>Forro em r\u00e9guas maci\u00e7as<\/strong><span class=\"ez-toc-section-end\"><\/span><\/h3>\n\n\n\n<p>\u00c9 o modelo mais tradicional entre os tipos de forro de madeira para teto. As r\u00e9guas s\u00e3o fixadas lado a lado, formando uma superf\u00edcie cont\u00ednua com textura natural aparente.<\/p>\n\n\n\n<p>Esse formato valoriza o desenho da madeira e costuma ser aplicado em projetos residenciais de alto padr\u00e3o e em espa\u00e7os corporativos que buscam identidade visual marcante.<\/p>\n\n\n\n<h3 class=\"wp-block-heading\"><span class=\"ez-toc-section\" id=\"Lambris_com_encaixe_macho_e_femea\"><\/span><strong>Lambris com encaixe macho e f\u00eamea<\/strong><span class=\"ez-toc-section-end\"><\/span><\/h3>\n\n\n\n<p>Os <a href=\"https:\/\/www.ipemadeiras.com.br\/lambris-de-madeira\">lambris de madeira<\/a> tamb\u00e9m funcionam muito bem como forro de teto, n\u00e3o apenas em paredes. O sistema de encaixe reduz folgas e mant\u00e9m a linearidade visual.<\/p>\n\n\n\n<p>Podem ser instalados na horizontal ou na vertical, com resultado uniforme e sem emendas aparentes. A modula\u00e7\u00e3o facilita a manuten\u00e7\u00e3o e agiliza o tempo de obra.<\/p>\n\n\n\n<h3 class=\"wp-block-heading\"><span class=\"ez-toc-section\" id=\"Paineis_em_chapas_de_madeira\"><\/span><strong>Pain\u00e9is em chapas de madeira<\/strong><span class=\"ez-toc-section-end\"><\/span><\/h3>\n\n\n\n<p>Para projetos que exigem grandes v\u00e3os ou pagina\u00e7\u00e3o diferenciada, as <a href=\"https:\/\/www.ipemadeiras.com.br\/chapas\">chapas<\/a> oferecem uma alternativa com menor peso e maior uniformidade entre as placas.<\/p>\n\n\n\n<p>Esse tipo costuma ser usado em ambientes comerciais e institucionais, onde a padroniza\u00e7\u00e3o do forro precisa acompanhar um projeto de ilumina\u00e7\u00e3o ou climatiza\u00e7\u00e3o j\u00e1 definido.<\/p>\n\n\n\n<ul class=\"wp-block-list\">\n<li><a href=\"https:\/\/www.ipemadeiras.com.br\/blog\/madeiras-para-construcao\/madeira-para-escoramento-como-reduzir-custos-sem-arriscar\/\">Madeira para escoramento: como reduzir custos sem arriscar\u00a0<\/a><\/li>\n<\/ul>\n\n\n\n<h2 class=\"wp-block-heading\"><span class=\"ez-toc-section\" id=\"Forro_macico_ou_lambri_qual_tipo_de_forro_de_madeira_para_teto_escolher\"><\/span><strong>Forro maci\u00e7o ou lambri: qual tipo de forro de madeira para teto escolher<\/strong><span class=\"ez-toc-section-end\"><\/span><\/h2>\n\n\n\n<p>A d\u00favida entre r\u00e9guas maci\u00e7as e lambris \u00e9 comum entre profissionais que especificam o material pela primeira vez. Cada formato atende a uma necessidade diferente de projeto.<\/p>\n\n\n\n<figure class=\"wp-block-table\"><table class=\"has-fixed-layout\"><tbody><tr><td><strong>Crit\u00e9rio<\/strong><\/td><td><strong>R\u00e9guas maci\u00e7as<\/strong><\/td><td><strong>Lambris macho e f\u00eamea<\/strong><\/td><\/tr><tr><td>Acabamento visual<\/td><td>Textura cont\u00ednua e r\u00fastica<\/td><td>Linhas retas e uniformes<\/td><\/tr><tr><td>Instala\u00e7\u00e3o<\/td><td>Requer m\u00e3o de obra especializada<\/td><td>Encaixe facilita a montagem<\/td><\/tr><tr><td>Manuten\u00e7\u00e3o<\/td><td>Pontual, pe\u00e7a a pe\u00e7a<\/td><td>Modular, mais simples<\/td><\/tr><tr><td>Aplica\u00e7\u00e3o t\u00edpica<\/td><td>\u00c1reas de destaque e p\u00e9-direito alto<\/td><td>Ambientes internos e corredores<\/td><\/tr><\/tbody><\/table><\/figure>\n\n\n\n<p>Nenhum dos dois modelos \u00e9 superior de forma absoluta. A escolha certa depende do estilo do projeto, do prazo de obra e da experi\u00eancia da equipe de instala\u00e7\u00e3o dispon\u00edvel.<\/p>\n\n\n\n<ul class=\"wp-block-list\">\n<li><a href=\"https:\/\/www.ipemadeiras.com.br\/blog\/madeiras-para-construcao\/fornecedor-de-madeira-para-construcao-civil-em-sp\/\">Fornecedor de madeira para constru\u00e7\u00e3o civil em SP\u00a0<\/a><\/li>\n<\/ul>\n\n\n\n<h2 class=\"wp-block-heading\"><span class=\"ez-toc-section\" id=\"Cuidados_tecnicos_ao_instalar_qualquer_tipo_de_forro_de_madeira\"><\/span><strong>Cuidados t\u00e9cnicos ao instalar qualquer tipo de forro de madeira<\/strong><span class=\"ez-toc-section-end\"><\/span><\/h2>\n\n\n\n<p>Os forros de madeira podem ser aplicados tanto em \u00e1reas secas quanto em locais semiabertos, desde que a madeira esteja corretamente tratada contra umidade e cupins.<\/p>\n\n\n\n<p>O uso de vernizes ou seladores espec\u00edficos \u00e9 fundamental para evitar deforma\u00e7\u00f5es. Tamb\u00e9m \u00e9 importante prever juntas de dilata\u00e7\u00e3o em ambientes com varia\u00e7\u00e3o t\u00e9rmica acentuada, como cozinhas e varandas.<\/p>\n\n\n\n<p>Em obras corporativas, o uso de madeira legalizada e com documenta\u00e7\u00e3o ambiental em dia costuma ser exigido por normativas e \u00f3rg\u00e3os de fiscaliza\u00e7\u00e3o do setor.<\/p>\n\n\n\n<p>Vale lembrar que o estado de S\u00e3o Paulo concentra boa parte do consumo de madeira certificada do pa\u00eds, segundo <a href=\"https:\/\/wwf.org.br\/?40242%2FCatlogo-de-madeiras-brasileiras-para-a-construo-civil=\">cat\u00e1logo do WWF Brasil<\/a>, o que refor\u00e7a a import\u00e2ncia de exigir proced\u00eancia comprovada do fornecedor.<\/p>\n\n\n\n<ul class=\"wp-block-list\">\n<li><a href=\"https:\/\/www.ipemadeiras.com.br\/blog\/tacos-de-madeira\/fornecedor-de-viga-de-madeira-na-grande-sao-paulo\/\">Fornecedor de viga de madeira na Grande S\u00e3o Paulo<\/a><\/li>\n<\/ul>\n\n\n\n<h2 class=\"wp-block-heading\"><span class=\"ez-toc-section\" id=\"Beneficios_que_justificam_investir_em_forro_de_madeira\"><\/span><strong>Benef\u00edcios que justificam investir em forro de madeira<\/strong><span class=\"ez-toc-section-end\"><\/span><\/h2>\n\n\n\n<p>Independentemente do tipo de forro de madeira para teto escolhido, alguns ganhos se repetem em praticamente todos os projetos bem especificados:<\/p>\n\n\n\n<ul class=\"wp-block-list\">\n<li><strong>Controle t\u00e9rmico<\/strong>: colabora para ambientes mais equilibrados em climas quentes ou frios;<\/li>\n\n\n\n<li><strong>Redu\u00e7\u00e3o de ru\u00eddos<\/strong>: contribui para absor\u00e7\u00e3o sonora em \u00e1reas de circula\u00e7\u00e3o intensa;<\/li>\n\n\n\n<li><strong>Adapta\u00e7\u00e3o est\u00e9tica<\/strong>: harmoniza com estilos do r\u00fastico ao contempor\u00e2neo sem perder identidade.<\/li>\n<\/ul>\n\n\n\n<h2 class=\"wp-block-heading\"><span class=\"ez-toc-section\" id=\"Perguntas_frequentes_sobre_tipos_de_forro_de_madeira_para_teto\"><\/span><strong>Perguntas frequentes sobre tipos de forro de madeira para teto<\/strong><span class=\"ez-toc-section-end\"><\/span><\/h2>\n\n\n\n<p><strong>Qual a diferen\u00e7a entre forro e lambri de madeira?<\/strong> O forro cobre o teto e o lambri normalmente reveste paredes, mas o mesmo sistema de encaixe pode ser usado nas duas aplica\u00e7\u00f5es.<\/p>\n\n\n\n<p><strong>Qual madeira dilata menos em forro de teto?<\/strong> Cedrinho, tauari e cumaru est\u00e3o entre as esp\u00e9cies mais est\u00e1veis, com menor dilata\u00e7\u00e3o e boa fixa\u00e7\u00e3o a longo prazo.<\/p>\n\n\n\n<p><strong>Forro de madeira pode ser usado em \u00e1rea externa?<\/strong> Pode, desde que tratado contra umidade e cupim, com seladores espec\u00edficos e juntas de dilata\u00e7\u00e3o bem calculadas.<\/p>\n\n\n\n<p><strong>Qual o tipo de forro de madeira mais barato?<\/strong> Lambris modulares costumam ter custo de instala\u00e7\u00e3o menor que r\u00e9guas maci\u00e7as, por reduzirem o tempo de m\u00e3o de obra.<\/p>\n\n\n\n<p><strong>Forro de madeira precisa de manuten\u00e7\u00e3o frequente?<\/strong> N\u00e3o frequente, mas \u00e9 recomend\u00e1vel revisar vernizes e seladores periodicamente, principalmente em \u00e1reas semiabertas.<\/p>\n\n\n\n<h2 class=\"wp-block-heading\"><span class=\"ez-toc-section\" id=\"Encontre_o_forro_de_madeira_para_teto_ideal_para_o_seu_projeto\"><\/span><strong>Encontre o forro de madeira para teto ideal para o seu projeto<\/strong><span class=\"ez-toc-section-end\"><\/span><\/h2>\n\n\n\n<p>Reunimos aqui os principais <strong>tipos de forro de madeira para teto<\/strong> e os cuidados t\u00e9cnicos que garantem durabilidade e bom acabamento em qualquer estilo de obra.<\/p>\n\n\n\n<p>A escolha certa passa por esp\u00e9cie, sistema de fixa\u00e7\u00e3o e proced\u00eancia legal do material, tr\u00eas pontos que a Ip\u00ea Madeiras trata com rigor em cada <a href=\"https:\/\/www.ipemadeiras.com.br\/forros-de-madeira\">forro de madeira<\/a> fornecido.<\/p>\n\n\n\n<p>Tamb\u00e9m trabalhamos com <a href=\"https:\/\/www.ipemadeiras.com.br\/madeiras-para-construcao\">madeiras para constru\u00e7\u00e3o<\/a> que complementam a estrutura do seu projeto do in\u00edcio ao fim, sempre com certifica\u00e7\u00e3o e origem controlada.<\/p>\n\n\n\n<p>Fale com nosso time e <a href=\"https:\/\/www.ipemadeiras.com.br\/contato\">solicite uma especifica\u00e7\u00e3o t\u00e9cnica personalizada<\/a> para o forro de madeira ideal do seu pr\u00f3ximo projeto.<\/p>\n\n\n\n<p><\/p>\n","protected":false},"excerpt":{"rendered":"<p>Descubra os tipos de forro de madeira para teto, as esp\u00e9cies mais est\u00e1veis e como escolher o modelo certo para o seu pr\u00f3ximo projeto. Escolher entre os diferentes tipos de forro de madeira para teto vai muito al\u00e9m da est\u00e9tica. Cada modelo responde de um jeito ao clima, \u00e0 umidade e ao uso do ambiente. &hellip; <\/p>\n","protected":false},"author":1,"featured_media":175,"comment_status":"open","ping_status":"open","sticky":false,"template":"","format":"standard","meta":{"footnotes":""},"categories":[1],"tags":[1521,1506,1508,1513,1493,1504,1500,1519,1520,1503,1515,1495,1497,1509,1492,1502,1514,1522,1510,1494,1523,1516,1505,1499,1501,1498,1496,1525,1507,1524,1517,1511,1512,1518,1491],"class_list":["post-174","post","type-post","status-publish","format-standard","has-post-thumbnail","hentry","category-uncategorized","tag-como-instalar-forro-de-madeira-no-teto","tag-comprar-forro-de-madeira","tag-empresa-de-forro-de-madeira-em-sao-paulo","tag-forro-de-madeira-aquece-a-casa","tag-forro-de-madeira-cedrinho","tag-forro-de-madeira-certificado","tag-forro-de-madeira-cumaru","tag-forro-de-madeira-da-cupim","tag-forro-de-madeira-e-caro","tag-forro-de-madeira-macica","tag-forro-de-madeira-ou-lambri-qual-escolher","tag-forro-de-madeira-para-area-externa","tag-forro-de-madeira-para-sala","tag-forro-de-madeira-para-teto-alto","tag-forro-de-madeira-para-teto-preco","tag-forro-de-madeira-para-varanda","tag-forro-de-madeira-precisa-de-manutencao","tag-forro-de-madeira-precisa-de-verniz","tag-forro-de-madeira-resistente-a-umidade","tag-forro-de-madeira-rustico","tag-forro-de-madeira-serve-para-area-externa","tag-forro-de-madeira-serve-para-banheiro","tag-forro-de-madeira-sob-medida","tag-forro-de-madeira-tauari","tag-instalacao-de-forro-de-madeira","tag-lambri-de-madeira-para-teto","tag-melhor-madeira-para-forro-de-teto","tag-onde-comprar-forro-de-madeira-em-sao-paulo","tag-orcamento-forro-de-madeira","tag-qual-madeira-nao-dilata-em-forro-de-teto","tag-qual-madeira-usar-para-forro-de-teto-externo","tag-qual-o-melhor-tipo-de-forro-de-madeira-para-teto","tag-quanto-custa-forro-de-madeira-para-teto","tag-quanto-tempo-dura-um-forro-de-madeira","tag-tipos-de-forro-de-madeira-para-teto","latest_post"],"yoast_head":"<!-- This site is optimized with the Yoast SEO plugin v22.9 - https:\/\/yoast.com\/wordpress\/plugins\/seo\/ -->\n<title>Tipos de forro de madeira para teto: como escolher certo<\/title>\n<meta name=\"description\" content=\"Descubra os tipos de forro de madeira para teto, as esp\u00e9cies mais est\u00e1veis e como escolher o modelo certo para o seu pr\u00f3ximo projeto.\" \/>\n<meta name=\"robots\" content=\"index, follow, max-snippet:-1, max-image-preview:large, max-video-preview:-1\" \/>\n<link rel=\"canonical\" href=\"https:\/\/www.ipemadeiras.com.br\/blog\/uncategorized\/tipos-de-forro-de-madeira-para-teto-como-escolher-certo\/\" \/>\n<meta property=\"og:locale\" content=\"pt_BR\" \/>\n<meta property=\"og:type\" content=\"article\" \/>\n<meta property=\"og:title\" content=\"Tipos de forro de madeira para teto: como escolher certo\" \/>\n<meta property=\"og:description\" content=\"Descubra os tipos de forro de madeira para teto, as esp\u00e9cies mais est\u00e1veis e como escolher o modelo certo para o seu pr\u00f3ximo projeto.\" \/>\n<meta property=\"og:url\" content=\"https:\/\/www.ipemadeiras.com.br\/blog\/uncategorized\/tipos-de-forro-de-madeira-para-teto-como-escolher-certo\/\" \/>\n<meta property=\"og:site_name\" content=\"Blog | Ip\u00ea Madeiras\" \/>\n<meta property=\"article:published_time\" content=\"2026-09-01T18:40:41+00:00\" \/>\n<meta property=\"article:modified_time\" content=\"2026-09-01T18:40:42+00:00\" \/>\n<meta property=\"og:image\" content=\"https:\/\/www.ipemadeiras.com.br\/blog\/wp-content\/uploads\/2026\/09\/ChatGPT-Image-1-de-set.-de-2026-15_39_47.jpg\" \/>\n\t<meta property=\"og:image:width\" content=\"1672\" \/>\n\t<meta property=\"og:image:height\" content=\"941\" \/>\n\t<meta property=\"og:image:type\" content=\"image\/jpeg\" \/>\n<meta name=\"author\" content=\"admin\" \/>\n<meta name=\"twitter:card\" content=\"summary_large_image\" \/>\n<meta name=\"twitter:label1\" content=\"Escrito por\" \/>\n\t<meta name=\"twitter:data1\" content=\"admin\" \/>\n\t<meta name=\"twitter:label2\" content=\"Est. tempo de leitura\" \/>\n\t<meta name=\"twitter:data2\" content=\"6 minutos\" \/>\n<script type=\"application\/ld+json\" class=\"yoast-schema-graph\">{\"@context\":\"https:\/\/schema.org\",\"@graph\":[{\"@type\":\"Article\",\"@id\":\"https:\/\/www.ipemadeiras.com.br\/blog\/uncategorized\/tipos-de-forro-de-madeira-para-teto-como-escolher-certo\/#article\",\"isPartOf\":{\"@id\":\"https:\/\/www.ipemadeiras.com.br\/blog\/uncategorized\/tipos-de-forro-de-madeira-para-teto-como-escolher-certo\/\"},\"author\":{\"name\":\"admin\",\"@id\":\"https:\/\/www.ipemadeiras.com.br\/blog\/#\/schema\/person\/acdd60c8ce7e49c01c4f7db9d3031dbc\"},\"headline\":\"Tipos de forro de madeira para teto: como escolher certo\",\"datePublished\":\"2026-09-01T18:40:41+00:00\",\"dateModified\":\"2026-09-01T18:40:42+00:00\",\"mainEntityOfPage\":{\"@id\":\"https:\/\/www.ipemadeiras.com.br\/blog\/uncategorized\/tipos-de-forro-de-madeira-para-teto-como-escolher-certo\/\"},\"wordCount\":1183,\"commentCount\":0,\"publisher\":{\"@id\":\"https:\/\/www.ipemadeiras.com.br\/blog\/#organization\"},\"image\":{\"@id\":\"https:\/\/www.ipemadeiras.com.br\/blog\/uncategorized\/tipos-de-forro-de-madeira-para-teto-como-escolher-certo\/#primaryimage\"},\"thumbnailUrl\":\"https:\/\/www.ipemadeiras.com.br\/blog\/wp-content\/uploads\/2026\/09\/ChatGPT-Image-1-de-set.-de-2026-15_39_47.jpg\",\"keywords\":[\"como instalar forro de madeira no teto?\",\"comprar forro de madeira\",\"empresa de forro de madeira em S\u00e3o Paulo\",\"forro de madeira aquece a casa?\",\"forro de madeira cedrinho\",\"forro de madeira certificado\",\"forro de madeira cumaru\",\"forro de madeira d\u00e1 cupim?\",\"forro de madeira \u00e9 caro?\",\"forro de madeira maci\u00e7a\",\"forro de madeira ou lambri qual escolher?\",\"forro de madeira para \u00e1rea externa\",\"forro de madeira para sala\",\"forro de madeira para teto alto\",\"forro de madeira para teto pre\u00e7o\",\"forro de madeira para varanda\",\"forro de madeira precisa de manuten\u00e7\u00e3o?\",\"forro de madeira precisa de verniz?\",\"forro de madeira resistente \u00e0 umidade\",\"forro de madeira r\u00fastico\",\"forro de madeira serve para \u00e1rea externa?\",\"forro de madeira serve para banheiro?\",\"forro de madeira sob medida\",\"forro de madeira tauari\",\"instala\u00e7\u00e3o de forro de madeira\",\"lambri de madeira para teto\",\"melhor madeira para forro de teto\",\"onde comprar forro de madeira em S\u00e3o Paulo?\",\"or\u00e7amento forro de madeira\",\"qual madeira n\u00e3o dilata em forro de teto?\",\"qual madeira usar para forro de teto externo?\",\"qual o melhor tipo de forro de madeira para teto?\",\"quanto custa forro de madeira para teto?\",\"quanto tempo dura um forro de madeira?\",\"tipos de forro de madeira para teto\"],\"articleSection\":[\"Uncategorized\"],\"inLanguage\":\"pt-BR\",\"potentialAction\":[{\"@type\":\"CommentAction\",\"name\":\"Comment\",\"target\":[\"https:\/\/www.ipemadeiras.com.br\/blog\/uncategorized\/tipos-de-forro-de-madeira-para-teto-como-escolher-certo\/#respond\"]}]},{\"@type\":\"WebPage\",\"@id\":\"https:\/\/www.ipemadeiras.com.br\/blog\/uncategorized\/tipos-de-forro-de-madeira-para-teto-como-escolher-certo\/\",\"url\":\"https:\/\/www.ipemadeiras.com.br\/blog\/uncategorized\/tipos-de-forro-de-madeira-para-teto-como-escolher-certo\/\",\"name\":\"Tipos de forro de madeira para teto: como escolher certo\",\"isPartOf\":{\"@id\":\"https:\/\/www.ipemadeiras.com.br\/blog\/#website\"},\"primaryImageOfPage\":{\"@id\":\"https:\/\/www.ipemadeiras.com.br\/blog\/uncategorized\/tipos-de-forro-de-madeira-para-teto-como-escolher-certo\/#primaryimage\"},\"image\":{\"@id\":\"https:\/\/www.ipemadeiras.com.br\/blog\/uncategorized\/tipos-de-forro-de-madeira-para-teto-como-escolher-certo\/#primaryimage\"},\"thumbnailUrl\":\"https:\/\/www.ipemadeiras.com.br\/blog\/wp-content\/uploads\/2026\/09\/ChatGPT-Image-1-de-set.-de-2026-15_39_47.jpg\",\"datePublished\":\"2026-09-01T18:40:41+00:00\",\"dateModified\":\"2026-09-01T18:40:42+00:00\",\"description\":\"Descubra os tipos de forro de madeira para teto, as esp\u00e9cies mais est\u00e1veis e como escolher o modelo certo para o seu pr\u00f3ximo projeto.\",\"breadcrumb\":{\"@id\":\"https:\/\/www.ipemadeiras.com.br\/blog\/uncategorized\/tipos-de-forro-de-madeira-para-teto-como-escolher-certo\/#breadcrumb\"},\"inLanguage\":\"pt-BR\",\"potentialAction\":[{\"@type\":\"ReadAction\",\"target\":[\"https:\/\/www.ipemadeiras.com.br\/blog\/uncategorized\/tipos-de-forro-de-madeira-para-teto-como-escolher-certo\/\"]}]},{\"@type\":\"ImageObject\",\"inLanguage\":\"pt-BR\",\"@id\":\"https:\/\/www.ipemadeiras.com.br\/blog\/uncategorized\/tipos-de-forro-de-madeira-para-teto-como-escolher-certo\/#primaryimage\",\"url\":\"https:\/\/www.ipemadeiras.com.br\/blog\/wp-content\/uploads\/2026\/09\/ChatGPT-Image-1-de-set.-de-2026-15_39_47.jpg\",\"contentUrl\":\"https:\/\/www.ipemadeiras.com.br\/blog\/wp-content\/uploads\/2026\/09\/ChatGPT-Image-1-de-set.-de-2026-15_39_47.jpg\",\"width\":1672,\"height\":941,\"caption\":\"Tipos de forro de madeira para teto: como escolher certo\"},{\"@type\":\"BreadcrumbList\",\"@id\":\"https:\/\/www.ipemadeiras.com.br\/blog\/uncategorized\/tipos-de-forro-de-madeira-para-teto-como-escolher-certo\/#breadcrumb\",\"itemListElement\":[{\"@type\":\"ListItem\",\"position\":1,\"name\":\"In\u00edcio\",\"item\":\"https:\/\/www.ipemadeiras.com.br\/blog\/\"},{\"@type\":\"ListItem\",\"position\":2,\"name\":\"Tipos de forro de madeira para teto: como escolher certo\"}]},{\"@type\":\"WebSite\",\"@id\":\"https:\/\/www.ipemadeiras.com.br\/blog\/#website\",\"url\":\"https:\/\/www.ipemadeiras.com.br\/blog\/\",\"name\":\"Blog | Ip\u00ea Madeiras\",\"description\":\"\",\"publisher\":{\"@id\":\"https:\/\/www.ipemadeiras.com.br\/blog\/#organization\"},\"potentialAction\":[{\"@type\":\"SearchAction\",\"target\":{\"@type\":\"EntryPoint\",\"urlTemplate\":\"https:\/\/www.ipemadeiras.com.br\/blog\/?s={search_term_string}\"},\"query-input\":\"required name=search_term_string\"}],\"inLanguage\":\"pt-BR\"},{\"@type\":\"Organization\",\"@id\":\"https:\/\/www.ipemadeiras.com.br\/blog\/#organization\",\"name\":\"Blog | Ip\u00ea Madeiras\",\"url\":\"https:\/\/www.ipemadeiras.com.br\/blog\/\",\"logo\":{\"@type\":\"ImageObject\",\"inLanguage\":\"pt-BR\",\"@id\":\"https:\/\/www.ipemadeiras.com.br\/blog\/#\/schema\/logo\/image\/\",\"url\":\"https:\/\/www.ipemadeiras.com.br\/blog\/wp-content\/uploads\/2024\/06\/logo.webp\",\"contentUrl\":\"https:\/\/www.ipemadeiras.com.br\/blog\/wp-content\/uploads\/2024\/06\/logo.webp\",\"width\":300,\"height\":166,\"caption\":\"Blog | Ip\u00ea Madeiras\"},\"image\":{\"@id\":\"https:\/\/www.ipemadeiras.com.br\/blog\/#\/schema\/logo\/image\/\"}},{\"@type\":\"Person\",\"@id\":\"https:\/\/www.ipemadeiras.com.br\/blog\/#\/schema\/person\/acdd60c8ce7e49c01c4f7db9d3031dbc\",\"name\":\"admin\",\"image\":{\"@type\":\"ImageObject\",\"inLanguage\":\"pt-BR\",\"@id\":\"https:\/\/www.ipemadeiras.com.br\/blog\/#\/schema\/person\/image\/\",\"url\":\"https:\/\/secure.gravatar.com\/avatar\/5db1c6014103c3f9c794a66350f1884f9bdd1bc25b357f656cdb299fdd04019e?s=96&d=mm&r=g\",\"contentUrl\":\"https:\/\/secure.gravatar.com\/avatar\/5db1c6014103c3f9c794a66350f1884f9bdd1bc25b357f656cdb299fdd04019e?s=96&d=mm&r=g\",\"caption\":\"admin\"},\"sameAs\":[\"https:\/\/ipemadeiras.com.br\/blog\"],\"url\":\"https:\/\/www.ipemadeiras.com.br\/blog\/author\/admin\/\"}]}<\/script>\n<!-- \/ Yoast SEO plugin. -->","yoast_head_json":{"title":"Tipos de forro de madeira para teto: como escolher certo","description":"Descubra os tipos de forro de madeira para teto, as esp\u00e9cies mais est\u00e1veis e como escolher o modelo certo para o seu pr\u00f3ximo projeto.","robots":{"index":"index","follow":"follow","max-snippet":"max-snippet:-1","max-image-preview":"max-image-preview:large","max-video-preview":"max-video-preview:-1"},"canonical":"https:\/\/www.ipemadeiras.com.br\/blog\/uncategorized\/tipos-de-forro-de-madeira-para-teto-como-escolher-certo\/","og_locale":"pt_BR","og_type":"article","og_title":"Tipos de forro de madeira para teto: como escolher certo","og_description":"Descubra os tipos de forro de madeira para teto, as esp\u00e9cies mais est\u00e1veis e como escolher o modelo certo para o seu pr\u00f3ximo projeto.","og_url":"https:\/\/www.ipemadeiras.com.br\/blog\/uncategorized\/tipos-de-forro-de-madeira-para-teto-como-escolher-certo\/","og_site_name":"Blog | Ip\u00ea Madeiras","article_published_time":"2026-09-01T18:40:41+00:00","article_modified_time":"2026-09-01T18:40:42+00:00","og_image":[{"width":1672,"height":941,"url":"https:\/\/www.ipemadeiras.com.br\/blog\/wp-content\/uploads\/2026\/09\/ChatGPT-Image-1-de-set.-de-2026-15_39_47.jpg","type":"image\/jpeg"}],"author":"admin","twitter_card":"summary_large_image","twitter_misc":{"Escrito por":"admin","Est. tempo de leitura":"6 minutos"},"schema":{"@context":"https:\/\/schema.org","@graph":[{"@type":"Article","@id":"https:\/\/www.ipemadeiras.com.br\/blog\/uncategorized\/tipos-de-forro-de-madeira-para-teto-como-escolher-certo\/#article","isPartOf":{"@id":"https:\/\/www.ipemadeiras.com.br\/blog\/uncategorized\/tipos-de-forro-de-madeira-para-teto-como-escolher-certo\/"},"author":{"name":"admin","@id":"https:\/\/www.ipemadeiras.com.br\/blog\/#\/schema\/person\/acdd60c8ce7e49c01c4f7db9d3031dbc"},"headline":"Tipos de forro de madeira para teto: como escolher certo","datePublished":"2026-09-01T18:40:41+00:00","dateModified":"2026-09-01T18:40:42+00:00","mainEntityOfPage":{"@id":"https:\/\/www.ipemadeiras.com.br\/blog\/uncategorized\/tipos-de-forro-de-madeira-para-teto-como-escolher-certo\/"},"wordCount":1183,"commentCount":0,"publisher":{"@id":"https:\/\/www.ipemadeiras.com.br\/blog\/#organization"},"image":{"@id":"https:\/\/www.ipemadeiras.com.br\/blog\/uncategorized\/tipos-de-forro-de-madeira-para-teto-como-escolher-certo\/#primaryimage"},"thumbnailUrl":"https:\/\/www.ipemadeiras.com.br\/blog\/wp-content\/uploads\/2026\/09\/ChatGPT-Image-1-de-set.-de-2026-15_39_47.jpg","keywords":["como instalar forro de madeira no teto?","comprar forro de madeira","empresa de forro de madeira em S\u00e3o Paulo","forro de madeira aquece a casa?","forro de madeira cedrinho","forro de madeira certificado","forro de madeira cumaru","forro de madeira d\u00e1 cupim?","forro de madeira \u00e9 caro?","forro de madeira maci\u00e7a","forro de madeira ou lambri qual escolher?","forro de madeira para \u00e1rea externa","forro de madeira para sala","forro de madeira para teto alto","forro de madeira para teto pre\u00e7o","forro de madeira para varanda","forro de madeira precisa de manuten\u00e7\u00e3o?","forro de madeira precisa de verniz?","forro de madeira resistente \u00e0 umidade","forro de madeira r\u00fastico","forro de madeira serve para \u00e1rea externa?","forro de madeira serve para banheiro?","forro de madeira sob medida","forro de madeira tauari","instala\u00e7\u00e3o de forro de madeira","lambri de madeira para teto","melhor madeira para forro de teto","onde comprar forro de madeira em S\u00e3o Paulo?","or\u00e7amento forro de madeira","qual madeira n\u00e3o dilata em forro de teto?","qual madeira usar para forro de teto externo?","qual o melhor tipo de forro de madeira para teto?","quanto custa forro de madeira para teto?","quanto tempo dura um forro de madeira?","tipos de forro de madeira para teto"],"articleSection":["Uncategorized"],"inLanguage":"pt-BR","potentialAction":[{"@type":"CommentAction","name":"Comment","target":["https:\/\/www.ipemadeiras.com.br\/blog\/uncategorized\/tipos-de-forro-de-madeira-para-teto-como-escolher-certo\/#respond"]}]},{"@type":"WebPage","@id":"https:\/\/www.ipemadeiras.com.br\/blog\/uncategorized\/tipos-de-forro-de-madeira-para-teto-como-escolher-certo\/","url":"https:\/\/www.ipemadeiras.com.br\/blog\/uncategorized\/tipos-de-forro-de-madeira-para-teto-como-escolher-certo\/","name":"Tipos de forro de madeira para teto: como escolher certo","isPartOf":{"@id":"https:\/\/www.ipemadeiras.com.br\/blog\/#website"},"primaryImageOfPage":{"@id":"https:\/\/www.ipemadeiras.com.br\/blog\/uncategorized\/tipos-de-forro-de-madeira-para-teto-como-escolher-certo\/#primaryimage"},"image":{"@id":"https:\/\/www.ipemadeiras.com.br\/blog\/uncategorized\/tipos-de-forro-de-madeira-para-teto-como-escolher-certo\/#primaryimage"},"thumbnailUrl":"https:\/\/www.ipemadeiras.com.br\/blog\/wp-content\/uploads\/2026\/09\/ChatGPT-Image-1-de-set.-de-2026-15_39_47.jpg","datePublished":"2026-09-01T18:40:41+00:00","dateModified":"2026-09-01T18:40:42+00:00","description":"Descubra os tipos de forro de madeira para teto, as esp\u00e9cies mais est\u00e1veis e como escolher o modelo certo para o seu pr\u00f3ximo projeto.","breadcrumb":{"@id":"https:\/\/www.ipemadeiras.com.br\/blog\/uncategorized\/tipos-de-forro-de-madeira-para-teto-como-escolher-certo\/#breadcrumb"},"inLanguage":"pt-BR","potentialAction":[{"@type":"ReadAction","target":["https:\/\/www.ipemadeiras.com.br\/blog\/uncategorized\/tipos-de-forro-de-madeira-para-teto-como-escolher-certo\/"]}]},{"@type":"ImageObject","inLanguage":"pt-BR","@id":"https:\/\/www.ipemadeiras.com.br\/blog\/uncategorized\/tipos-de-forro-de-madeira-para-teto-como-escolher-certo\/#primaryimage","url":"https:\/\/www.ipemadeiras.com.br\/blog\/wp-content\/uploads\/2026\/09\/ChatGPT-Image-1-de-set.-de-2026-15_39_47.jpg","contentUrl":"https:\/\/www.ipemadeiras.com.br\/blog\/wp-content\/uploads\/2026\/09\/ChatGPT-Image-1-de-set.-de-2026-15_39_47.jpg","width":1672,"height":941,"caption":"Tipos de forro de madeira para teto: como escolher certo"},{"@type":"BreadcrumbList","@id":"https:\/\/www.ipemadeiras.com.br\/blog\/uncategorized\/tipos-de-forro-de-madeira-para-teto-como-escolher-certo\/#breadcrumb","itemListElement":[{"@type":"ListItem","position":1,"name":"In\u00edcio","item":"https:\/\/www.ipemadeiras.com.br\/blog\/"},{"@type":"ListItem","position":2,"name":"Tipos de forro de madeira para teto: como escolher certo"}]},{"@type":"WebSite","@id":"https:\/\/www.ipemadeiras.com.br\/blog\/#website","url":"https:\/\/www.ipemadeiras.com.br\/blog\/","name":"Blog | Ip\u00ea Madeiras","description":"","publisher":{"@id":"https:\/\/www.ipemadeiras.com.br\/blog\/#organization"},"potentialAction":[{"@type":"SearchAction","target":{"@type":"EntryPoint","urlTemplate":"https:\/\/www.ipemadeiras.com.br\/blog\/?s={search_term_string}"},"query-input":"required name=search_term_string"}],"inLanguage":"pt-BR"},{"@type":"Organization","@id":"https:\/\/www.ipemadeiras.com.br\/blog\/#organization","name":"Blog | Ip\u00ea Madeiras","url":"https:\/\/www.ipemadeiras.com.br\/blog\/","logo":{"@type":"ImageObject","inLanguage":"pt-BR","@id":"https:\/\/www.ipemadeiras.com.br\/blog\/#\/schema\/logo\/image\/","url":"https:\/\/www.ipemadeiras.com.br\/blog\/wp-content\/uploads\/2024\/06\/logo.webp","contentUrl":"https:\/\/www.ipemadeiras.com.br\/blog\/wp-content\/uploads\/2024\/06\/logo.webp","width":300,"height":166,"caption":"Blog | Ip\u00ea Madeiras"},"image":{"@id":"https:\/\/www.ipemadeiras.com.br\/blog\/#\/schema\/logo\/image\/"}},{"@type":"Person","@id":"https:\/\/www.ipemadeiras.com.br\/blog\/#\/schema\/person\/acdd60c8ce7e49c01c4f7db9d3031dbc","name":"admin","image":{"@type":"ImageObject","inLanguage":"pt-BR","@id":"https:\/\/www.ipemadeiras.com.br\/blog\/#\/schema\/person\/image\/","url":"https:\/\/secure.gravatar.com\/avatar\/5db1c6014103c3f9c794a66350f1884f9bdd1bc25b357f656cdb299fdd04019e?s=96&d=mm&r=g","contentUrl":"https:\/\/secure.gravatar.com\/avatar\/5db1c6014103c3f9c794a66350f1884f9bdd1bc25b357f656cdb299fdd04019e?s=96&d=mm&r=g","caption":"admin"},"sameAs":["https:\/\/ipemadeiras.com.br\/blog"],"url":"https:\/\/www.ipemadeiras.com.br\/blog\/author\/admin\/"}]}},"_links":{"self":[{"href":"https:\/\/www.ipemadeiras.com.br\/blog\/wp-json\/wp\/v2\/posts\/174","targetHints":{"allow":["GET"]}}],"collection":[{"href":"https:\/\/www.ipemadeiras.com.br\/blog\/wp-json\/wp\/v2\/posts"}],"about":[{"href":"https:\/\/www.ipemadeiras.com.br\/blog\/wp-json\/wp\/v2\/types\/post"}],"author":[{"embeddable":true,"href":"https:\/\/www.ipemadeiras.com.br\/blog\/wp-json\/wp\/v2\/users\/1"}],"replies":[{"embeddable":true,"href":"https:\/\/www.ipemadeiras.com.br\/blog\/wp-json\/wp\/v2\/comments?post=174"}],"version-history":[{"count":1,"href":"https:\/\/www.ipemadeiras.com.br\/blog\/wp-json\/wp\/v2\/posts\/174\/revisions"}],"predecessor-version":[{"id":176,"href":"https:\/\/www.ipemadeiras.com.br\/blog\/wp-json\/wp\/v2\/posts\/174\/revisions\/176"}],"wp:featuredmedia":[{"embeddable":true,"href":"https:\/\/www.ipemadeiras.com.br\/blog\/wp-json\/wp\/v2\/media\/175"}],"wp:attachment":[{"href":"https:\/\/www.ipemadeiras.com.br\/blog\/wp-json\/wp\/v2\/media?parent=174"}],"wp:term":[{"taxonomy":"category","embeddable":true,"href":"https:\/\/www.ipemadeiras.com.br\/blog\/wp-json\/wp\/v2\/categories?post=174"},{"taxonomy":"post_tag","embeddable":true,"href":"https:\/\/www.ipemadeiras.com.br\/blog\/wp-json\/wp\/v2\/tags?post=174"}],"curies":[{"name":"wp","href":"https:\/\/api.w.org\/{rel}","templated":true}]}}